{"id":1629,"date":"2025-08-27T17:11:52","date_gmt":"2025-08-27T15:11:52","guid":{"rendered":"https:\/\/energieberatung-seeland.ch\/?p=1629"},"modified":"2025-08-28T11:07:07","modified_gmt":"2025-08-28T09:07:07","slug":"neue-webplattform-energieregion-seeland-ch","status":"publish","type":"post","link":"https:\/\/energieberatung-seeland.ch\/fr_ch\/neue-webplattform-energieregion-seeland-ch\/","title":{"rendered":"Nouvelle plateforme web : Energieregion-Seeland.ch"},"content":{"rendered":"<p>En tant que service public de conseil en \u00e9nergie du Seeland, nous avons lanc\u00e9, en collaboration avec notre client, l'association seeland.biel\/bienne, la nouvelle plateforme web \u00ab R\u00e9gion \u00e9nerg\u00e9tique Bienne-Seeland \u00bb. Cette plateforme d'information et d'\u00e9change offre aux communes, aux experts et aux citoyens int\u00e9ress\u00e9s un aper\u00e7u des activit\u00e9s des 61 communes du Seeland dans les domaines de l'efficacit\u00e9 \u00e9nerg\u00e9tique, des \u00e9nergies renouvelables et de la protection du climat.<\/p>\n\n\n\n<p>Apr\u00e8s plus d'un an de planification, d'ateliers et de travail, le comit\u00e9 du projet est fier de pouvoir pr\u00e9senter le r\u00e9sultat.<\/p>\n\n\n\n<p>La plateforme offre :<\/p>\n\n\n\n<ul class=\"wp-block-list\">\n<li>un <strong>cockpit communal<\/strong> avec diff\u00e9rents indicateurs sur la situation actuelle et les progr\u00e8s r\u00e9alis\u00e9s par chaque commune<\/li>\n\n\n\n<li>une collection d' <strong>exemples de bonnes pratiques<\/strong> destin\u00e9s \u00e0 encourager les \u00e9changes.<\/li>\n\n\n\n<li>une <strong>caisse \u00e0 outils <\/strong>contenant de nouvelles offres de conseil qui seront d\u00e9velopp\u00e9es au cours des prochaines ann\u00e9es en fonction des besoins<\/li>\n<\/ul>\n\n\n\n<p>Le site web est r\u00e9guli\u00e8rement mis \u00e0 jour avec des informations et des actualit\u00e9s, contribuant ainsi \u00e0 la mise en \u0153uvre de la strat\u00e9gie \u00e9nerg\u00e9tique et climatique de Bienne-Seeland. Nous nous r\u00e9jouissons de votre visite !<\/p>\n\n\n\n<p>Acc\u00e9dez \u00e0 la plateforme ici :&nbsp;<a href=\"https:\/\/energieregion-seeland.ch\/\">www.energieregion-seeland.ch<\/a>.<\/p>\n\n\n\n<figure class=\"wp-block-image size-large\"><img fetchpriority=\"high\" decoding=\"async\" width=\"1024\" height=\"529\" src=\"https:\/\/energieberatung-seeland.ch\/wp-content\/uploads\/2025\/08\/ERS_Karte-1024x529.png\" alt=\"\" class=\"wp-image-1630\" srcset=\"https:\/\/energieberatung-seeland.ch\/wp-content\/uploads\/2025\/08\/ERS_Karte-1024x529.png 1024w, https:\/\/energieberatung-seeland.ch\/wp-content\/uploads\/2025\/08\/ERS_Karte-300x155.png 300w, https:\/\/energieberatung-seeland.ch\/wp-content\/uploads\/2025\/08\/ERS_Karte-768x397.png 768w, https:\/\/energieberatung-seeland.ch\/wp-content\/uploads\/2025\/08\/ERS_Karte-18x9.png 18w, https:\/\/energieberatung-seeland.ch\/wp-content\/uploads\/2025\/08\/ERS_Karte.png 1260w\" sizes=\"(max-width: 1024px) 100vw, 1024px\" \/><\/figure>\n\n\n\n<p><\/p>","protected":false},"excerpt":{"rendered":"<p>Wir als \u00f6ffentliche Energieberatung Seeland haben zusammen mit unserem Auftraggeber dem Verein seeland.biel\/bienne die neue Webplattform \u00abEnergie-Region Biel-Seeland\u00bb lanciert. Auf der Informations- und Austauschplattform erhalten Gemeinden, Fachleute sowie interessierte B\u00fcrgerinnen und B\u00fcrger einen \u00dcberblick \u00fcber die T\u00e4tigkeiten der 61 Seel\u00e4nder Gemeinden in den Bereichen Energieeffizienz, erneuerbare Energien und Klimaschutz. Nach \u00fcber einem Jahr Planung, Workshops [&hellip;]<\/p>\n","protected":false},"author":3,"featured_media":1628,"comment_status":"closed","ping_status":"open","sticky":false,"template":"","format":"standard","meta":{"_uag_custom_page_level_css":"","site-sidebar-layout":"default","site-content-layout":"","ast-site-content-layout":"default","site-content-style":"default","site-sidebar-style":"default","ast-global-header-display":"","ast-banner-title-visibility":"","ast-main-header-display":"","ast-hfb-above-header-display":"","ast-hfb-below-header-display":"","ast-hfb-mobile-header-display":"","site-post-title":"","ast-breadcrumbs-content":"","ast-featured-img":"","footer-sml-layout":"","ast-disable-related-posts":"","theme-transparent-header-meta":"","adv-header-id-meta":"","stick-header-meta":"","header-above-stick-meta":"","header-main-stick-meta":"","header-below-stick-meta":"","astra-migrate-meta-layouts":"set","ast-page-background-enabled":"default","ast-page-background-meta":{"desktop":{"background-color":"var(--ast-global-color-4)","background-image":"","background-repeat":"repeat","background-position":"center center","background-size":"auto","background-attachment":"scroll","background-type":"","background-media":"","overlay-type":"","overlay-color":"","overlay-opacity":"","overlay-gradient":""},"tablet":{"background-color":"","background-image":"","background-repeat":"repeat","background-position":"center center","background-size":"auto","background-attachment":"scroll","background-type":"","background-media":"","overlay-type":"","overlay-color":"","overlay-opacity":"","overlay-gradient":""},"mobile":{"background-color":"","background-image":"","background-repeat":"repeat","background-position":"center center","background-size":"auto","background-attachment":"scroll","background-type":"","background-media":"","overlay-type":"","overlay-color":"","overlay-opacity":"","overlay-gradient":""}},"ast-content-background-meta":{"desktop":{"background-color":"var(--ast-global-color-5)","background-image":"","background-repeat":"repeat","background-position":"center center","background-size":"auto","background-attachment":"scroll","background-type":"","background-media":"","overlay-type":"","overlay-color":"","overlay-opacity":"","overlay-gradient":""},"tablet":{"background-color":"var(--ast-global-color-5)","background-image":"","background-repeat":"repeat","background-position":"center center","background-size":"auto","background-attachment":"scroll","background-type":"","background-media":"","overlay-type":"","overlay-color":"","overlay-opacity":"","overlay-gradient":""},"mobile":{"background-color":"var(--ast-global-color-5)","background-image":"","background-repeat":"repeat","background-position":"center center","background-size":"auto","background-attachment":"scroll","background-type":"","background-media":"","overlay-type":"","overlay-color":"","overlay-opacity":"","overlay-gradient":""}},"footnotes":""},"categories":[1],"tags":[],"class_list":["post-1629","post","type-post","status-publish","format-standard","has-post-thumbnail","hentry","category-allgemein"],"uagb_featured_image_src":{"full":["https:\/\/energieberatung-seeland.ch\/wp-content\/uploads\/2025\/08\/ERS.png",1461,1007,false],"thumbnail":["https:\/\/energieberatung-seeland.ch\/wp-content\/uploads\/2025\/08\/ERS-150x150.png",150,150,true],"medium":["https:\/\/energieberatung-seeland.ch\/wp-content\/uploads\/2025\/08\/ERS-300x207.png",300,207,true],"medium_large":["https:\/\/energieberatung-seeland.ch\/wp-content\/uploads\/2025\/08\/ERS-768x529.png",768,529,true],"large":["https:\/\/energieberatung-seeland.ch\/wp-content\/uploads\/2025\/08\/ERS-1024x706.png",1024,706,true],"1536x1536":["https:\/\/energieberatung-seeland.ch\/wp-content\/uploads\/2025\/08\/ERS.png",1461,1007,false],"2048x2048":["https:\/\/energieberatung-seeland.ch\/wp-content\/uploads\/2025\/08\/ERS.png",1461,1007,false],"trp-custom-language-flag":["https:\/\/energieberatung-seeland.ch\/wp-content\/uploads\/2025\/08\/ERS-18x12.png",18,12,true]},"uagb_author_info":{"display_name":"Beat Bachmann","author_link":"https:\/\/energieberatung-seeland.ch\/fr_ch\/author\/bachmannb\/"},"uagb_comment_info":0,"uagb_excerpt":"Wir als \u00f6ffentliche Energieberatung Seeland haben zusammen mit unserem Auftraggeber dem Verein seeland.biel\/bienne die neue Webplattform \u00abEnergie-Region Biel-Seeland\u00bb lanciert. Auf der Informations- und Austauschplattform erhalten Gemeinden, Fachleute sowie interessierte B\u00fcrgerinnen und B\u00fcrger einen \u00dcberblick \u00fcber die T\u00e4tigkeiten der 61 Seel\u00e4nder Gemeinden in den Bereichen Energieeffizienz, erneuerbare Energien und Klimaschutz. Nach \u00fcber einem Jahr Planung, Workshops\u2026","_links":{"self":[{"href":"https:\/\/energieberatung-seeland.ch\/fr_ch\/wp-json\/wp\/v2\/posts\/1629","targetHints":{"allow":["GET"]}}],"collection":[{"href":"https:\/\/energieberatung-seeland.ch\/fr_ch\/wp-json\/wp\/v2\/posts"}],"about":[{"href":"https:\/\/energieberatung-seeland.ch\/fr_ch\/wp-json\/wp\/v2\/types\/post"}],"author":[{"embeddable":true,"href":"https:\/\/energieberatung-seeland.ch\/fr_ch\/wp-json\/wp\/v2\/users\/3"}],"replies":[{"embeddable":true,"href":"https:\/\/energieberatung-seeland.ch\/fr_ch\/wp-json\/wp\/v2\/comments?post=1629"}],"version-history":[{"count":1,"href":"https:\/\/energieberatung-seeland.ch\/fr_ch\/wp-json\/wp\/v2\/posts\/1629\/revisions"}],"predecessor-version":[{"id":1631,"href":"https:\/\/energieberatung-seeland.ch\/fr_ch\/wp-json\/wp\/v2\/posts\/1629\/revisions\/1631"}],"wp:featuredmedia":[{"embeddable":true,"href":"https:\/\/energieberatung-seeland.ch\/fr_ch\/wp-json\/wp\/v2\/media\/1628"}],"wp:attachment":[{"href":"https:\/\/energieberatung-seeland.ch\/fr_ch\/wp-json\/wp\/v2\/media?parent=1629"}],"wp:term":[{"taxonomy":"category","embeddable":true,"href":"https:\/\/energieberatung-seeland.ch\/fr_ch\/wp-json\/wp\/v2\/categories?post=1629"},{"taxonomy":"post_tag","embeddable":true,"href":"https:\/\/energieberatung-seeland.ch\/fr_ch\/wp-json\/wp\/v2\/tags?post=1629"}],"curies":[{"name":"wp","href":"https:\/\/api.w.org\/{rel}","templated":true}]}}