{"id":1658,"date":"2025-10-15T11:19:36","date_gmt":"2025-10-15T09:19:36","guid":{"rendered":"https:\/\/energieberatung-seeland.ch\/?p=1658"},"modified":"2025-10-15T11:22:18","modified_gmt":"2025-10-15T09:22:18","slug":"veranstaltung-zum-thema-energie-und-klima-loesungen-fuer-die-energiewende-in-gemeinden","status":"publish","type":"post","link":"https:\/\/energieberatung-seeland.ch\/fr_ch\/veranstaltung-zum-thema-energie-und-klima-loesungen-fuer-die-energiewende-in-gemeinden\/","title":{"rendered":"Veranstaltung zum Thema Energie und Klima &#8211; L\u00f6sungen f\u00fcr die Energiewende in Gemeinden"},"content":{"rendered":"<p>Datum:                      <strong>Dienstag, 11. November 2025<\/strong><br>Zeit:                           <strong>17:30 &#8211; 18:48 Uhr<\/strong>, anschliessende Ap\u00e9ro<br>Ort:                             <strong>Mehrzweckhalle<\/strong>, M\u00fchlegasse 4 3237 Br\u00fcttelen<\/p>\n\n\n\n<p>Die Gemeinde Br\u00fcttelen veranstaltet am 11. November einen Informationsanlass mit Austausch und Ap\u00e9ro zum <strong>Thema Energie und Klima &#8211; L\u00f6sungen f\u00fcr die Energiewende in Gemeinden.<\/strong><br><br>Melden Sie sich noch bis zum 10. November kostenlos an! <a href=\"http:\/\/www.energie-cluster.ch\/events\/ihr-event\">www.energie-cluster.ch\/events\/ihr-event <\/a> oder \u00fcber den QR Code.<br><br>Jusqu'\u00e0 pr\u00e9sent, <strong>\u00d6ffentliche Energieberatung Seeland<\/strong> wird ebenfalls vertreten sein. Wir freuen uns auf Sie!<br><br>Zielgruppen sind die Gemeinde Br\u00fcttelen und umliegende Gemeinden aus dem Bezirk Seeland mit ihren Beh\u00f6rden genau wie B\u00fcrgerInnen, ImmobilienbesitzerInnen, lokale Entscheidungstr\u00e4gerInnen, Ortsans\u00e4ssige Gewerbeverb\u00e4nde, Parteien, Vereine<br>Entscheidungstr\u00e4gerInnen von ortsans\u00e4ssigen und regionalen Firmen mit (vor allem) hohem Energieverbrauch, BesitzerInnen von Energiequellen, wie Photovoltaik-Fl\u00e4chen, Landfl\u00e4chen, W\u00e4ldern, u.w., genauso wie Entscheidungstr\u00e4gerInnen von lokalen und regionalen EWs, Fernw\u00e4rmeverb\u00fcnde, Abfall- und Entsorgungssysteme, ARA\u2019s, etc.<\/p>\n\n\n\n<figure class=\"wp-block-image size-large\"><img fetchpriority=\"high\" decoding=\"async\" width=\"1024\" height=\"619\" src=\"https:\/\/energieberatung-seeland.ch\/wp-content\/uploads\/2025\/10\/Flyer-11.11-1024x619.png\" alt=\"\" class=\"wp-image-1657\" srcset=\"https:\/\/energieberatung-seeland.ch\/wp-content\/uploads\/2025\/10\/Flyer-11.11-1024x619.png 1024w, https:\/\/energieberatung-seeland.ch\/wp-content\/uploads\/2025\/10\/Flyer-11.11-300x181.png 300w, https:\/\/energieberatung-seeland.ch\/wp-content\/uploads\/2025\/10\/Flyer-11.11-768x464.png 768w, https:\/\/energieberatung-seeland.ch\/wp-content\/uploads\/2025\/10\/Flyer-11.11-18x12.png 18w, https:\/\/energieberatung-seeland.ch\/wp-content\/uploads\/2025\/10\/Flyer-11.11.png 1330w\" sizes=\"(max-width: 1024px) 100vw, 1024px\" \/><\/figure>\n\n\n\n<p><\/p>","protected":false},"excerpt":{"rendered":"<p>Datum: Dienstag, 11. November 2025Zeit: 17:30 &#8211; 18:48 Uhr, anschliessende Ap\u00e9roOrt: Mehrzweckhalle, M\u00fchlegasse 4 3237 Br\u00fcttelen Die Gemeinde Br\u00fcttelen veranstaltet am 11. November einen Informationsanlass mit Austausch und Ap\u00e9ro zum Thema Energie und Klima &#8211; L\u00f6sungen f\u00fcr die Energiewende in Gemeinden. Melden Sie sich noch bis zum 10. November kostenlos an! www.energie-cluster.ch\/events\/ihr-event oder \u00fcber den [&hellip;]<\/p>\n","protected":false},"author":3,"featured_media":0,"comment_status":"closed","ping_status":"closed","sticky":false,"template":"","format":"standard","meta":{"_uag_custom_page_level_css":"","site-sidebar-layout":"default","site-content-layout":"","ast-site-content-layout":"default","site-content-style":"default","site-sidebar-style":"default","ast-global-header-display":"","ast-banner-title-visibility":"","ast-main-header-display":"","ast-hfb-above-header-display":"","ast-hfb-below-header-display":"","ast-hfb-mobile-header-display":"","site-post-title":"","ast-breadcrumbs-content":"","ast-featured-img":"","footer-sml-layout":"","ast-disable-related-posts":"","theme-transparent-header-meta":"","adv-header-id-meta":"","stick-header-meta":"","header-above-stick-meta":"","header-main-stick-meta":"","header-below-stick-meta":"","astra-migrate-meta-layouts":"set","ast-page-background-enabled":"default","ast-page-background-meta":{"desktop":{"background-color":"var(--ast-global-color-4)","background-image":"","background-repeat":"repeat","background-position":"center center","background-size":"auto","background-attachment":"scroll","background-type":"","background-media":"","overlay-type":"","overlay-color":"","overlay-opacity":"","overlay-gradient":""},"tablet":{"background-color":"","background-image":"","background-repeat":"repeat","background-position":"center center","background-size":"auto","background-attachment":"scroll","background-type":"","background-media":"","overlay-type":"","overlay-color":"","overlay-opacity":"","overlay-gradient":""},"mobile":{"background-color":"","background-image":"","background-repeat":"repeat","background-position":"center center","background-size":"auto","background-attachment":"scroll","background-type":"","background-media":"","overlay-type":"","overlay-color":"","overlay-opacity":"","overlay-gradient":""}},"ast-content-background-meta":{"desktop":{"background-color":"var(--ast-global-color-5)","background-image":"","background-repeat":"repeat","background-position":"center center","background-size":"auto","background-attachment":"scroll","background-type":"","background-media":"","overlay-type":"","overlay-color":"","overlay-opacity":"","overlay-gradient":""},"tablet":{"background-color":"var(--ast-global-color-5)","background-image":"","background-repeat":"repeat","background-position":"center center","background-size":"auto","background-attachment":"scroll","background-type":"","background-media":"","overlay-type":"","overlay-color":"","overlay-opacity":"","overlay-gradient":""},"mobile":{"background-color":"var(--ast-global-color-5)","background-image":"","background-repeat":"repeat","background-position":"center center","background-size":"auto","background-attachment":"scroll","background-type":"","background-media":"","overlay-type":"","overlay-color":"","overlay-opacity":"","overlay-gradient":""}},"footnotes":""},"categories":[1],"tags":[],"class_list":["post-1658","post","type-post","status-publish","format-standard","hentry","category-allgemein"],"uagb_featured_image_src":{"full":false,"thumbnail":false,"medium":false,"medium_large":false,"large":false,"1536x1536":false,"2048x2048":false,"trp-custom-language-flag":false},"uagb_author_info":{"display_name":"Beat Bachmann","author_link":"https:\/\/energieberatung-seeland.ch\/fr_ch\/author\/bachmannb\/"},"uagb_comment_info":0,"uagb_excerpt":"Datum: Dienstag, 11. November 2025Zeit: 17:30 &#8211; 18:48 Uhr, anschliessende Ap\u00e9roOrt: Mehrzweckhalle, M\u00fchlegasse 4 3237 Br\u00fcttelen Die Gemeinde Br\u00fcttelen veranstaltet am 11. November einen Informationsanlass mit Austausch und Ap\u00e9ro zum Thema Energie und Klima &#8211; L\u00f6sungen f\u00fcr die Energiewende in Gemeinden. Melden Sie sich noch bis zum 10. November kostenlos an! www.energie-cluster.ch\/events\/ihr-event oder \u00fcber den\u2026","_links":{"self":[{"href":"https:\/\/energieberatung-seeland.ch\/fr_ch\/wp-json\/wp\/v2\/posts\/1658","targetHints":{"allow":["GET"]}}],"collection":[{"href":"https:\/\/energieberatung-seeland.ch\/fr_ch\/wp-json\/wp\/v2\/posts"}],"about":[{"href":"https:\/\/energieberatung-seeland.ch\/fr_ch\/wp-json\/wp\/v2\/types\/post"}],"author":[{"embeddable":true,"href":"https:\/\/energieberatung-seeland.ch\/fr_ch\/wp-json\/wp\/v2\/users\/3"}],"replies":[{"embeddable":true,"href":"https:\/\/energieberatung-seeland.ch\/fr_ch\/wp-json\/wp\/v2\/comments?post=1658"}],"version-history":[{"count":6,"href":"https:\/\/energieberatung-seeland.ch\/fr_ch\/wp-json\/wp\/v2\/posts\/1658\/revisions"}],"predecessor-version":[{"id":1667,"href":"https:\/\/energieberatung-seeland.ch\/fr_ch\/wp-json\/wp\/v2\/posts\/1658\/revisions\/1667"}],"wp:attachment":[{"href":"https:\/\/energieberatung-seeland.ch\/fr_ch\/wp-json\/wp\/v2\/media?parent=1658"}],"wp:term":[{"taxonomy":"category","embeddable":true,"href":"https:\/\/energieberatung-seeland.ch\/fr_ch\/wp-json\/wp\/v2\/categories?post=1658"},{"taxonomy":"post_tag","embeddable":true,"href":"https:\/\/energieberatung-seeland.ch\/fr_ch\/wp-json\/wp\/v2\/tags?post=1658"}],"curies":[{"name":"wp","href":"https:\/\/api.w.org\/{rel}","templated":true}]}}