{"id":1845,"date":"2026-04-02T11:10:25","date_gmt":"2026-04-02T09:10:25","guid":{"rendered":"https:\/\/energieberatung-seeland.ch\/?p=1845"},"modified":"2026-04-02T11:11:40","modified_gmt":"2026-04-02T09:11:40","slug":"rueckblick-gewerbe-apero-bruegg","status":"publish","type":"post","link":"https:\/\/energieberatung-seeland.ch\/fr_ch\/rueckblick-gewerbe-apero-bruegg\/","title":{"rendered":"R\u00fcckblick Gewerbe Ap\u00e9ro Br\u00fcgg"},"content":{"rendered":"<div class=\"wp-block-uagb-container uagb-block-034235dc alignfull uagb-is-root-container\"><div class=\"uagb-container-inner-blocks-wrap\">\n<div class=\"wp-block-uagb-container uagb-block-694d2949\">\n<p>Am Mittwoch  01. April fand in Br\u00fcgg der Gewerbe Ap\u00e9ro statt. Dieser wird von der Gemeinde Br\u00fcgg alle zwei Jahre veranstaltet und dient als Netzwerkanlass und um die Anwesenden zu aktuellen Themen der Gemeinde zu informieren.<\/p>\n\n\n\n<p>Dieses Jahr hat der Vize-Gemeindepr\u00e4sident Hans Fl\u00fcckiger (auf dem Bild zu sehen) durch den Abend gef\u00fchrt und unter anderem die geplante Umgestaltung des Industriegebiets Br\u00fcggmoos vorgestellt.<\/p>\n\n\n\n<p>Nach einem spannenden Einblick in die Produkte von Ziemer wurde weiter das Projekt <a href=\"https:\/\/jugendprojekt-lift.ch\/\">LIFT <\/a>vorgestellt, das Jugendlichen ab der 7. Klasse beim Einstieg in den Berufsalltag hilft.<\/p>\n\n\n\n<p>Zu Gast in den R\u00e4umlichkeiten der Firma Ziemer Ophthalmic Systems AG durfte Anna-Maria Pfisterer einen Beitrag leisten und die Angebote der \u00d6ffentlichen Energieberatungsstelle Seeland vorstellen. Ein gelungener Anlass mit etwa 70 Teilnehmenden Gewerben aus Br\u00fcgg und Umgebung.<\/p>\n<\/div>\n\n\n\n<div class=\"wp-block-uagb-container uagb-block-6f22a086\">\n<div class=\"wp-block-uagb-image uagb-block-25ef4878 wp-block-uagb-image--layout-default wp-block-uagb-image--effect-static wp-block-uagb-image--align-none\"><figure class=\"wp-block-uagb-image__figure\"><img loading=\"lazy\" decoding=\"async\" srcset=\"https:\/\/energieberatung-seeland.ch\/wp-content\/uploads\/2026\/04\/IMG_20260401_183400098_HDR-768x1024.jpg ,https:\/\/energieberatung-seeland.ch\/wp-content\/uploads\/2026\/04\/IMG_20260401_183400098_HDR-scaled.jpg 780w, https:\/\/energieberatung-seeland.ch\/wp-content\/uploads\/2026\/04\/IMG_20260401_183400098_HDR-scaled.jpg 360w\" sizes=\"auto, (max-width: 480px) 150px\" src=\"https:\/\/energieberatung-seeland.ch\/wp-content\/uploads\/2026\/04\/IMG_20260401_183400098_HDR-768x1024.jpg\" alt=\"\" class=\"uag-image-1846\" width=\"768\" height=\"1024\" title=\"IMG_20260401_183400098_HDR\" role=\"img\"\/><\/figure><\/div>\n<\/div>\n<\/div><\/div>\n\n\n\n<p><\/p>","protected":false},"excerpt":{"rendered":"<p>Am Mittwoch 01. April fand in Br\u00fcgg der Gewerbe Ap\u00e9ro statt. Dieser wird von der Gemeinde Br\u00fcgg alle zwei Jahre veranstaltet und dient als Netzwerkanlass und um die Anwesenden zu aktuellen Themen der Gemeinde zu informieren. Dieses Jahr hat der Vize-Gemeindepr\u00e4sident Hans Fl\u00fcckiger (auf dem Bild zu sehen) durch den Abend gef\u00fchrt und unter anderem [&hellip;]<\/p>\n","protected":false},"author":5,"featured_media":0,"comment_status":"closed","ping_status":"closed","sticky":false,"template":"","format":"standard","meta":{"_uag_custom_page_level_css":"","site-sidebar-layout":"default","site-content-layout":"","ast-site-content-layout":"default","site-content-style":"default","site-sidebar-style":"default","ast-global-header-display":"","ast-banner-title-visibility":"","ast-main-header-display":"","ast-hfb-above-header-display":"","ast-hfb-below-header-display":"","ast-hfb-mobile-header-display":"","site-post-title":"","ast-breadcrumbs-content":"","ast-featured-img":"","footer-sml-layout":"","ast-disable-related-posts":"","theme-transparent-header-meta":"","adv-header-id-meta":"","stick-header-meta":"","header-above-stick-meta":"","header-main-stick-meta":"","header-below-stick-meta":"","astra-migrate-meta-layouts":"set","ast-page-background-enabled":"default","ast-page-background-meta":{"desktop":{"background-color":"var(--ast-global-color-4)","background-image":"","background-repeat":"repeat","background-position":"center center","background-size":"auto","background-attachment":"scroll","background-type":"","background-media":"","overlay-type":"","overlay-color":"","overlay-opacity":"","overlay-gradient":""},"tablet":{"background-color":"","background-image":"","background-repeat":"repeat","background-position":"center center","background-size":"auto","background-attachment":"scroll","background-type":"","background-media":"","overlay-type":"","overlay-color":"","overlay-opacity":"","overlay-gradient":""},"mobile":{"background-color":"","background-image":"","background-repeat":"repeat","background-position":"center center","background-size":"auto","background-attachment":"scroll","background-type":"","background-media":"","overlay-type":"","overlay-color":"","overlay-opacity":"","overlay-gradient":""}},"ast-content-background-meta":{"desktop":{"background-color":"var(--ast-global-color-5)","background-image":"","background-repeat":"repeat","background-position":"center center","background-size":"auto","background-attachment":"scroll","background-type":"","background-media":"","overlay-type":"","overlay-color":"","overlay-opacity":"","overlay-gradient":""},"tablet":{"background-color":"var(--ast-global-color-5)","background-image":"","background-repeat":"repeat","background-position":"center center","background-size":"auto","background-attachment":"scroll","background-type":"","background-media":"","overlay-type":"","overlay-color":"","overlay-opacity":"","overlay-gradient":""},"mobile":{"background-color":"var(--ast-global-color-5)","background-image":"","background-repeat":"repeat","background-position":"center center","background-size":"auto","background-attachment":"scroll","background-type":"","background-media":"","overlay-type":"","overlay-color":"","overlay-opacity":"","overlay-gradient":""}},"footnotes":""},"categories":[1],"tags":[],"class_list":["post-1845","post","type-post","status-publish","format-standard","hentry","category-allgemein"],"uagb_featured_image_src":{"full":false,"thumbnail":false,"medium":false,"medium_large":false,"large":false,"1536x1536":false,"2048x2048":false,"trp-custom-language-flag":false},"uagb_author_info":{"display_name":"Anna-Maria Pfisterer","author_link":"https:\/\/energieberatung-seeland.ch\/fr_ch\/author\/pfisterera\/"},"uagb_comment_info":0,"uagb_excerpt":"Am Mittwoch 01. April fand in Br\u00fcgg der Gewerbe Ap\u00e9ro statt. Dieser wird von der Gemeinde Br\u00fcgg alle zwei Jahre veranstaltet und dient als Netzwerkanlass und um die Anwesenden zu aktuellen Themen der Gemeinde zu informieren. Dieses Jahr hat der Vize-Gemeindepr\u00e4sident Hans Fl\u00fcckiger (auf dem Bild zu sehen) durch den Abend gef\u00fchrt und unter anderem\u2026","_links":{"self":[{"href":"https:\/\/energieberatung-seeland.ch\/fr_ch\/wp-json\/wp\/v2\/posts\/1845","targetHints":{"allow":["GET"]}}],"collection":[{"href":"https:\/\/energieberatung-seeland.ch\/fr_ch\/wp-json\/wp\/v2\/posts"}],"about":[{"href":"https:\/\/energieberatung-seeland.ch\/fr_ch\/wp-json\/wp\/v2\/types\/post"}],"author":[{"embeddable":true,"href":"https:\/\/energieberatung-seeland.ch\/fr_ch\/wp-json\/wp\/v2\/users\/5"}],"replies":[{"embeddable":true,"href":"https:\/\/energieberatung-seeland.ch\/fr_ch\/wp-json\/wp\/v2\/comments?post=1845"}],"version-history":[{"count":1,"href":"https:\/\/energieberatung-seeland.ch\/fr_ch\/wp-json\/wp\/v2\/posts\/1845\/revisions"}],"predecessor-version":[{"id":1847,"href":"https:\/\/energieberatung-seeland.ch\/fr_ch\/wp-json\/wp\/v2\/posts\/1845\/revisions\/1847"}],"wp:attachment":[{"href":"https:\/\/energieberatung-seeland.ch\/fr_ch\/wp-json\/wp\/v2\/media?parent=1845"}],"wp:term":[{"taxonomy":"category","embeddable":true,"href":"https:\/\/energieberatung-seeland.ch\/fr_ch\/wp-json\/wp\/v2\/categories?post=1845"},{"taxonomy":"post_tag","embeddable":true,"href":"https:\/\/energieberatung-seeland.ch\/fr_ch\/wp-json\/wp\/v2\/tags?post=1845"}],"curies":[{"name":"wp","href":"https:\/\/api.w.org\/{rel}","templated":true}]}}